{"id":1528,"date":"2025-05-14T19:35:34","date_gmt":"2025-05-14T19:35:34","guid":{"rendered":"https:\/\/www.inspireplatform.eu\/?p=1528"},"modified":"2025-05-19T19:36:23","modified_gmt":"2025-05-19T19:36:23","slug":"visit-the-laltre-international-performing-arts-and-mental-health-festival-in-barcelona","status":"publish","type":"post","link":"https:\/\/www.inspireplatform.eu\/en\/news\/visit-the-laltre-international-performing-arts-and-mental-health-festival-in-barcelona\/","title":{"rendered":"Visit the l&#8217;Altre International Performing Arts and Mental Health Festival in Barcelona!"},"content":{"rendered":"\n<p>L\u2019Altre is the first festival of theatre, dance, music, poetry and new performing formats with shows that give visibility to artistic proposals created and\/or starred by people with and without mental health problems, and those that reflect on mental health. In its eleventh edition, the festival takes place at the <strong>Fabra i Coats<\/strong> venue in Barcelona from <strong>30 May to 1 June<\/strong>, <strong>2025<\/strong> \u2013 with more than <strong>35 shows<\/strong> that help us discover the Others.<\/p>\n\n\n\n<p>The festival opens with the performance of Mishima and Efectes Secundaris. Companhia Bab\u00e9lica from Brazil visits the festival with its creation ESTAF\u00c1 O SOBRE LOS SUE\u00d1OS NO DORMIDOS, depicting an attempt to build perfect humanity. Xavier Bob\u00e9s, Cia, Olveira Salcedo and an artistic team from the l&#8217;Altre Festival have created an artistic piece based on the observation of the spaces we inhabit and what we touch in our daily lives. N\u00faria Duran, an emerging artist in the Catalan music scene, characterized by her captivating voice and charismatic stage presence, participates with her musical performance in the \u201cWomen and Mental Health\u201d space. On Sunday, \u2018Temps de Dansa\u2019 returns with seven shows that explore mental health through various proposals, such as Iron Skulls. Diego Garrido takes part with his latest work: \u2018Nunca bailar\u00e9 solo\u2019. From Les Palmes, we are visited by the show Atrapasue\u00f1os by the Traves\u00eda Sociocultural Association, a theatrical play with inmates and ex-inmates of the La Palma I and II penitentiary centres. Bohnick\u00e1 divadeln\u00ed spole\u010dnost from Prague brings its show The Fools\u2019 Pilgrimage, a deeply personal confession of the actors and actresses themselves.<\/p>\n\n\n\n<p>During these three days more than 450 artists will show their work to more than 4,500 people interested in the arts and mental health.<\/p>\n","protected":false},"excerpt":{"rendered":"<p>L\u2019Altre is the first festival of theatre, dance, music, poetry and new performing formats with shows that give visibility to artistic proposals created and\/or starred by people with and without mental health problems, and those that reflect on mental health. In its eleventh edition, the festival takes place at the Fabra i Coats venue in [&hellip;]<\/p>\n","protected":false},"author":2,"featured_media":1526,"comment_status":"closed","ping_status":"open","sticky":false,"template":"","format":"standard","meta":{"_acf_changed":false,"footnotes":""},"categories":[12],"tags":[],"class_list":["post-1528","post","type-post","status-publish","format-standard","has-post-thumbnail","hentry","category-news"],"acf":[],"yoast_head":"<!-- This site is optimized with the Yoast SEO plugin v27.4 - https:\/\/yoast.com\/product\/yoast-seo-wordpress\/ -->\n<title>Visit the l&#039;Altre International Performing Arts and Mental Health Festival in Barcelona! - inspireplatform.eu<\/title>\n<meta name=\"robots\" content=\"index, follow, max-snippet:-1, max-image-preview:large, max-video-preview:-1\" \/>\n<link rel=\"canonical\" href=\"https:\/\/www.inspireplatform.eu\/en\/news\/visit-the-laltre-international-performing-arts-and-mental-health-festival-in-barcelona\/\" \/>\n<meta property=\"og:locale\" content=\"en_US\" \/>\n<meta property=\"og:type\" content=\"article\" \/>\n<meta property=\"og:title\" content=\"Visit the l&#039;Altre International Performing Arts and Mental Health Festival in Barcelona! - inspireplatform.eu\" \/>\n<meta property=\"og:description\" content=\"L\u2019Altre is the first festival of theatre, dance, music, poetry and new performing formats with shows that give visibility to artistic proposals created and\/or starred by people with and without mental health problems, and those that reflect on mental health. In its eleventh edition, the festival takes place at the Fabra i Coats venue in [&hellip;]\" \/>\n<meta property=\"og:url\" content=\"https:\/\/www.inspireplatform.eu\/en\/news\/visit-the-laltre-international-performing-arts-and-mental-health-festival-in-barcelona\/\" \/>\n<meta property=\"og:site_name\" content=\"inspireplatform.eu\" \/>\n<meta property=\"article:publisher\" content=\"https:\/\/www.facebook.com\/meziploty\" \/>\n<meta property=\"article:published_time\" content=\"2025-05-14T19:35:34+00:00\" \/>\n<meta property=\"article:modified_time\" content=\"2025-05-19T19:36:23+00:00\" \/>\n<meta property=\"og:image\" content=\"https:\/\/www.inspireplatform.eu\/wp-content\/uploads\/2025\/05\/Snimek-obrazovky-2025-05-19-v-21.32.44.webp\" \/>\n\t<meta property=\"og:image:width\" content=\"800\" \/>\n\t<meta property=\"og:image:height\" content=\"852\" \/>\n\t<meta property=\"og:image:type\" content=\"image\/webp\" \/>\n<meta name=\"author\" content=\"Adam Nedvidek\" \/>\n<meta name=\"twitter:card\" content=\"summary_large_image\" \/>\n<meta name=\"twitter:label1\" content=\"Written by\" \/>\n\t<meta name=\"twitter:data1\" content=\"Adam Nedvidek\" \/>\n\t<meta name=\"twitter:label2\" content=\"Est. reading time\" \/>\n\t<meta name=\"twitter:data2\" content=\"2 minutes\" \/>\n<script type=\"application\/ld+json\" class=\"yoast-schema-graph\">{\"@context\":\"https:\\\/\\\/schema.org\",\"@graph\":[{\"@type\":\"Article\",\"@id\":\"https:\\\/\\\/www.inspireplatform.eu\\\/en\\\/news\\\/visit-the-laltre-international-performing-arts-and-mental-health-festival-in-barcelona\\\/#article\",\"isPartOf\":{\"@id\":\"https:\\\/\\\/www.inspireplatform.eu\\\/en\\\/news\\\/visit-the-laltre-international-performing-arts-and-mental-health-festival-in-barcelona\\\/\"},\"author\":{\"name\":\"Adam Nedvidek\",\"@id\":\"https:\\\/\\\/www.inspireplatform.eu\\\/#\\\/schema\\\/person\\\/496bb6572a22f8e684ce59bb0170cdab\"},\"headline\":\"Visit the l&#8217;Altre International Performing Arts and Mental Health Festival in Barcelona!\",\"datePublished\":\"2025-05-14T19:35:34+00:00\",\"dateModified\":\"2025-05-19T19:36:23+00:00\",\"mainEntityOfPage\":{\"@id\":\"https:\\\/\\\/www.inspireplatform.eu\\\/en\\\/news\\\/visit-the-laltre-international-performing-arts-and-mental-health-festival-in-barcelona\\\/\"},\"wordCount\":299,\"publisher\":{\"@id\":\"https:\\\/\\\/www.inspireplatform.eu\\\/#organization\"},\"image\":{\"@id\":\"https:\\\/\\\/www.inspireplatform.eu\\\/en\\\/news\\\/visit-the-laltre-international-performing-arts-and-mental-health-festival-in-barcelona\\\/#primaryimage\"},\"thumbnailUrl\":\"https:\\\/\\\/www.inspireplatform.eu\\\/wp-content\\\/uploads\\\/2025\\\/05\\\/Snimek-obrazovky-2025-05-19-v-21.32.44.webp\",\"articleSection\":[\"News\"],\"inLanguage\":\"en-US\"},{\"@type\":\"WebPage\",\"@id\":\"https:\\\/\\\/www.inspireplatform.eu\\\/en\\\/news\\\/visit-the-laltre-international-performing-arts-and-mental-health-festival-in-barcelona\\\/\",\"url\":\"https:\\\/\\\/www.inspireplatform.eu\\\/en\\\/news\\\/visit-the-laltre-international-performing-arts-and-mental-health-festival-in-barcelona\\\/\",\"name\":\"Visit the l'Altre International Performing Arts and Mental Health Festival in Barcelona! - inspireplatform.eu\",\"isPartOf\":{\"@id\":\"https:\\\/\\\/www.inspireplatform.eu\\\/#website\"},\"primaryImageOfPage\":{\"@id\":\"https:\\\/\\\/www.inspireplatform.eu\\\/en\\\/news\\\/visit-the-laltre-international-performing-arts-and-mental-health-festival-in-barcelona\\\/#primaryimage\"},\"image\":{\"@id\":\"https:\\\/\\\/www.inspireplatform.eu\\\/en\\\/news\\\/visit-the-laltre-international-performing-arts-and-mental-health-festival-in-barcelona\\\/#primaryimage\"},\"thumbnailUrl\":\"https:\\\/\\\/www.inspireplatform.eu\\\/wp-content\\\/uploads\\\/2025\\\/05\\\/Snimek-obrazovky-2025-05-19-v-21.32.44.webp\",\"datePublished\":\"2025-05-14T19:35:34+00:00\",\"dateModified\":\"2025-05-19T19:36:23+00:00\",\"breadcrumb\":{\"@id\":\"https:\\\/\\\/www.inspireplatform.eu\\\/en\\\/news\\\/visit-the-laltre-international-performing-arts-and-mental-health-festival-in-barcelona\\\/#breadcrumb\"},\"inLanguage\":\"en-US\",\"potentialAction\":[{\"@type\":\"ReadAction\",\"target\":[\"https:\\\/\\\/www.inspireplatform.eu\\\/en\\\/news\\\/visit-the-laltre-international-performing-arts-and-mental-health-festival-in-barcelona\\\/\"]}]},{\"@type\":\"ImageObject\",\"inLanguage\":\"en-US\",\"@id\":\"https:\\\/\\\/www.inspireplatform.eu\\\/en\\\/news\\\/visit-the-laltre-international-performing-arts-and-mental-health-festival-in-barcelona\\\/#primaryimage\",\"url\":\"https:\\\/\\\/www.inspireplatform.eu\\\/wp-content\\\/uploads\\\/2025\\\/05\\\/Snimek-obrazovky-2025-05-19-v-21.32.44.webp\",\"contentUrl\":\"https:\\\/\\\/www.inspireplatform.eu\\\/wp-content\\\/uploads\\\/2025\\\/05\\\/Snimek-obrazovky-2025-05-19-v-21.32.44.webp\",\"width\":800,\"height\":852},{\"@type\":\"BreadcrumbList\",\"@id\":\"https:\\\/\\\/www.inspireplatform.eu\\\/en\\\/news\\\/visit-the-laltre-international-performing-arts-and-mental-health-festival-in-barcelona\\\/#breadcrumb\",\"itemListElement\":[{\"@type\":\"ListItem\",\"position\":1,\"name\":\"Dom\u016f\",\"item\":\"https:\\\/\\\/www.inspireplatform.eu\\\/en\\\/\"},{\"@type\":\"ListItem\",\"position\":2,\"name\":\"Visit the l&#8217;Altre International Performing Arts and Mental Health Festival in Barcelona!\"}]},{\"@type\":\"WebSite\",\"@id\":\"https:\\\/\\\/www.inspireplatform.eu\\\/#website\",\"url\":\"https:\\\/\\\/www.inspireplatform.eu\\\/\",\"name\":\"inspireplatform.eu\",\"description\":\"Connecting those who wish to live in a respectful society\",\"publisher\":{\"@id\":\"https:\\\/\\\/www.inspireplatform.eu\\\/#organization\"},\"potentialAction\":[{\"@type\":\"SearchAction\",\"target\":{\"@type\":\"EntryPoint\",\"urlTemplate\":\"https:\\\/\\\/www.inspireplatform.eu\\\/?s={search_term_string}\"},\"query-input\":{\"@type\":\"PropertyValueSpecification\",\"valueRequired\":true,\"valueName\":\"search_term_string\"}}],\"inLanguage\":\"en-US\"},{\"@type\":\"Organization\",\"@id\":\"https:\\\/\\\/www.inspireplatform.eu\\\/#organization\",\"name\":\"inspireplatform.eu\",\"url\":\"https:\\\/\\\/www.inspireplatform.eu\\\/\",\"logo\":{\"@type\":\"ImageObject\",\"inLanguage\":\"en-US\",\"@id\":\"https:\\\/\\\/www.inspireplatform.eu\\\/#\\\/schema\\\/logo\\\/image\\\/\",\"url\":\"https:\\\/\\\/www.inspireplatform.eu\\\/wp-content\\\/uploads\\\/2024\\\/04\\\/Logo.svg\",\"contentUrl\":\"https:\\\/\\\/www.inspireplatform.eu\\\/wp-content\\\/uploads\\\/2024\\\/04\\\/Logo.svg\",\"caption\":\"inspireplatform.eu\"},\"image\":{\"@id\":\"https:\\\/\\\/www.inspireplatform.eu\\\/#\\\/schema\\\/logo\\\/image\\\/\"},\"sameAs\":[\"https:\\\/\\\/www.facebook.com\\\/meziploty\",\"https:\\\/\\\/www.youtube.com\\\/@meziploty9282\",\"https:\\\/\\\/www.instagram.com\\\/meziplotyofficial\\\/\"]},{\"@type\":\"Person\",\"@id\":\"https:\\\/\\\/www.inspireplatform.eu\\\/#\\\/schema\\\/person\\\/496bb6572a22f8e684ce59bb0170cdab\",\"name\":\"Adam Nedvidek\",\"image\":{\"@type\":\"ImageObject\",\"inLanguage\":\"en-US\",\"@id\":\"https:\\\/\\\/secure.gravatar.com\\\/avatar\\\/b74e1c605ffea44034b294c8b0876e9eec85d6a3be91b841548f946a9163fdf2?s=96&d=mm&r=g\",\"url\":\"https:\\\/\\\/secure.gravatar.com\\\/avatar\\\/b74e1c605ffea44034b294c8b0876e9eec85d6a3be91b841548f946a9163fdf2?s=96&d=mm&r=g\",\"contentUrl\":\"https:\\\/\\\/secure.gravatar.com\\\/avatar\\\/b74e1c605ffea44034b294c8b0876e9eec85d6a3be91b841548f946a9163fdf2?s=96&d=mm&r=g\",\"caption\":\"Adam Nedvidek\"},\"url\":\"https:\\\/\\\/www.inspireplatform.eu\\\/en\\\/author\\\/adam-nedvidekgmail-com\\\/\"}]}<\/script>\n<!-- \/ Yoast SEO plugin. -->","yoast_head_json":{"title":"Visit the l'Altre International Performing Arts and Mental Health Festival in Barcelona! - inspireplatform.eu","robots":{"index":"index","follow":"follow","max-snippet":"max-snippet:-1","max-image-preview":"max-image-preview:large","max-video-preview":"max-video-preview:-1"},"canonical":"https:\/\/www.inspireplatform.eu\/en\/news\/visit-the-laltre-international-performing-arts-and-mental-health-festival-in-barcelona\/","og_locale":"en_US","og_type":"article","og_title":"Visit the l'Altre International Performing Arts and Mental Health Festival in Barcelona! - inspireplatform.eu","og_description":"L\u2019Altre is the first festival of theatre, dance, music, poetry and new performing formats with shows that give visibility to artistic proposals created and\/or starred by people with and without mental health problems, and those that reflect on mental health. In its eleventh edition, the festival takes place at the Fabra i Coats venue in [&hellip;]","og_url":"https:\/\/www.inspireplatform.eu\/en\/news\/visit-the-laltre-international-performing-arts-and-mental-health-festival-in-barcelona\/","og_site_name":"inspireplatform.eu","article_publisher":"https:\/\/www.facebook.com\/meziploty","article_published_time":"2025-05-14T19:35:34+00:00","article_modified_time":"2025-05-19T19:36:23+00:00","og_image":[{"width":800,"height":852,"url":"https:\/\/www.inspireplatform.eu\/wp-content\/uploads\/2025\/05\/Snimek-obrazovky-2025-05-19-v-21.32.44.webp","type":"image\/webp"}],"author":"Adam Nedvidek","twitter_card":"summary_large_image","twitter_misc":{"Written by":"Adam Nedvidek","Est. reading time":"2 minutes"},"schema":{"@context":"https:\/\/schema.org","@graph":[{"@type":"Article","@id":"https:\/\/www.inspireplatform.eu\/en\/news\/visit-the-laltre-international-performing-arts-and-mental-health-festival-in-barcelona\/#article","isPartOf":{"@id":"https:\/\/www.inspireplatform.eu\/en\/news\/visit-the-laltre-international-performing-arts-and-mental-health-festival-in-barcelona\/"},"author":{"name":"Adam Nedvidek","@id":"https:\/\/www.inspireplatform.eu\/#\/schema\/person\/496bb6572a22f8e684ce59bb0170cdab"},"headline":"Visit the l&#8217;Altre International Performing Arts and Mental Health Festival in Barcelona!","datePublished":"2025-05-14T19:35:34+00:00","dateModified":"2025-05-19T19:36:23+00:00","mainEntityOfPage":{"@id":"https:\/\/www.inspireplatform.eu\/en\/news\/visit-the-laltre-international-performing-arts-and-mental-health-festival-in-barcelona\/"},"wordCount":299,"publisher":{"@id":"https:\/\/www.inspireplatform.eu\/#organization"},"image":{"@id":"https:\/\/www.inspireplatform.eu\/en\/news\/visit-the-laltre-international-performing-arts-and-mental-health-festival-in-barcelona\/#primaryimage"},"thumbnailUrl":"https:\/\/www.inspireplatform.eu\/wp-content\/uploads\/2025\/05\/Snimek-obrazovky-2025-05-19-v-21.32.44.webp","articleSection":["News"],"inLanguage":"en-US"},{"@type":"WebPage","@id":"https:\/\/www.inspireplatform.eu\/en\/news\/visit-the-laltre-international-performing-arts-and-mental-health-festival-in-barcelona\/","url":"https:\/\/www.inspireplatform.eu\/en\/news\/visit-the-laltre-international-performing-arts-and-mental-health-festival-in-barcelona\/","name":"Visit the l'Altre International Performing Arts and Mental Health Festival in Barcelona! - inspireplatform.eu","isPartOf":{"@id":"https:\/\/www.inspireplatform.eu\/#website"},"primaryImageOfPage":{"@id":"https:\/\/www.inspireplatform.eu\/en\/news\/visit-the-laltre-international-performing-arts-and-mental-health-festival-in-barcelona\/#primaryimage"},"image":{"@id":"https:\/\/www.inspireplatform.eu\/en\/news\/visit-the-laltre-international-performing-arts-and-mental-health-festival-in-barcelona\/#primaryimage"},"thumbnailUrl":"https:\/\/www.inspireplatform.eu\/wp-content\/uploads\/2025\/05\/Snimek-obrazovky-2025-05-19-v-21.32.44.webp","datePublished":"2025-05-14T19:35:34+00:00","dateModified":"2025-05-19T19:36:23+00:00","breadcrumb":{"@id":"https:\/\/www.inspireplatform.eu\/en\/news\/visit-the-laltre-international-performing-arts-and-mental-health-festival-in-barcelona\/#breadcrumb"},"inLanguage":"en-US","potentialAction":[{"@type":"ReadAction","target":["https:\/\/www.inspireplatform.eu\/en\/news\/visit-the-laltre-international-performing-arts-and-mental-health-festival-in-barcelona\/"]}]},{"@type":"ImageObject","inLanguage":"en-US","@id":"https:\/\/www.inspireplatform.eu\/en\/news\/visit-the-laltre-international-performing-arts-and-mental-health-festival-in-barcelona\/#primaryimage","url":"https:\/\/www.inspireplatform.eu\/wp-content\/uploads\/2025\/05\/Snimek-obrazovky-2025-05-19-v-21.32.44.webp","contentUrl":"https:\/\/www.inspireplatform.eu\/wp-content\/uploads\/2025\/05\/Snimek-obrazovky-2025-05-19-v-21.32.44.webp","width":800,"height":852},{"@type":"BreadcrumbList","@id":"https:\/\/www.inspireplatform.eu\/en\/news\/visit-the-laltre-international-performing-arts-and-mental-health-festival-in-barcelona\/#breadcrumb","itemListElement":[{"@type":"ListItem","position":1,"name":"Dom\u016f","item":"https:\/\/www.inspireplatform.eu\/en\/"},{"@type":"ListItem","position":2,"name":"Visit the l&#8217;Altre International Performing Arts and Mental Health Festival in Barcelona!"}]},{"@type":"WebSite","@id":"https:\/\/www.inspireplatform.eu\/#website","url":"https:\/\/www.inspireplatform.eu\/","name":"inspireplatform.eu","description":"Connecting those who wish to live in a respectful society","publisher":{"@id":"https:\/\/www.inspireplatform.eu\/#organization"},"potentialAction":[{"@type":"SearchAction","target":{"@type":"EntryPoint","urlTemplate":"https:\/\/www.inspireplatform.eu\/?s={search_term_string}"},"query-input":{"@type":"PropertyValueSpecification","valueRequired":true,"valueName":"search_term_string"}}],"inLanguage":"en-US"},{"@type":"Organization","@id":"https:\/\/www.inspireplatform.eu\/#organization","name":"inspireplatform.eu","url":"https:\/\/www.inspireplatform.eu\/","logo":{"@type":"ImageObject","inLanguage":"en-US","@id":"https:\/\/www.inspireplatform.eu\/#\/schema\/logo\/image\/","url":"https:\/\/www.inspireplatform.eu\/wp-content\/uploads\/2024\/04\/Logo.svg","contentUrl":"https:\/\/www.inspireplatform.eu\/wp-content\/uploads\/2024\/04\/Logo.svg","caption":"inspireplatform.eu"},"image":{"@id":"https:\/\/www.inspireplatform.eu\/#\/schema\/logo\/image\/"},"sameAs":["https:\/\/www.facebook.com\/meziploty","https:\/\/www.youtube.com\/@meziploty9282","https:\/\/www.instagram.com\/meziplotyofficial\/"]},{"@type":"Person","@id":"https:\/\/www.inspireplatform.eu\/#\/schema\/person\/496bb6572a22f8e684ce59bb0170cdab","name":"Adam Nedvidek","image":{"@type":"ImageObject","inLanguage":"en-US","@id":"https:\/\/secure.gravatar.com\/avatar\/b74e1c605ffea44034b294c8b0876e9eec85d6a3be91b841548f946a9163fdf2?s=96&d=mm&r=g","url":"https:\/\/secure.gravatar.com\/avatar\/b74e1c605ffea44034b294c8b0876e9eec85d6a3be91b841548f946a9163fdf2?s=96&d=mm&r=g","contentUrl":"https:\/\/secure.gravatar.com\/avatar\/b74e1c605ffea44034b294c8b0876e9eec85d6a3be91b841548f946a9163fdf2?s=96&d=mm&r=g","caption":"Adam Nedvidek"},"url":"https:\/\/www.inspireplatform.eu\/en\/author\/adam-nedvidekgmail-com\/"}]}},"_links":{"self":[{"href":"https:\/\/www.inspireplatform.eu\/en\/wp-json\/wp\/v2\/posts\/1528","targetHints":{"allow":["GET"]}}],"collection":[{"href":"https:\/\/www.inspireplatform.eu\/en\/wp-json\/wp\/v2\/posts"}],"about":[{"href":"https:\/\/www.inspireplatform.eu\/en\/wp-json\/wp\/v2\/types\/post"}],"author":[{"embeddable":true,"href":"https:\/\/www.inspireplatform.eu\/en\/wp-json\/wp\/v2\/users\/2"}],"replies":[{"embeddable":true,"href":"https:\/\/www.inspireplatform.eu\/en\/wp-json\/wp\/v2\/comments?post=1528"}],"version-history":[{"count":1,"href":"https:\/\/www.inspireplatform.eu\/en\/wp-json\/wp\/v2\/posts\/1528\/revisions"}],"predecessor-version":[{"id":1529,"href":"https:\/\/www.inspireplatform.eu\/en\/wp-json\/wp\/v2\/posts\/1528\/revisions\/1529"}],"wp:featuredmedia":[{"embeddable":true,"href":"https:\/\/www.inspireplatform.eu\/en\/wp-json\/wp\/v2\/media\/1526"}],"wp:attachment":[{"href":"https:\/\/www.inspireplatform.eu\/en\/wp-json\/wp\/v2\/media?parent=1528"}],"wp:term":[{"taxonomy":"category","embeddable":true,"href":"https:\/\/www.inspireplatform.eu\/en\/wp-json\/wp\/v2\/categories?post=1528"},{"taxonomy":"post_tag","embeddable":true,"href":"https:\/\/www.inspireplatform.eu\/en\/wp-json\/wp\/v2\/tags?post=1528"}],"curies":[{"name":"wp","href":"https:\/\/api.w.org\/{rel}","templated":true}]}}